{"id":132,"date":"2023-03-13T14:35:00","date_gmt":"2023-03-13T12:35:00","guid":{"rendered":"https:\/\/www.panumoilanen.fi\/?p=132"},"modified":"2023-04-09T21:10:05","modified_gmt":"2023-04-09T18:10:05","slug":"kriiseja-tulee-olemmeko-valmiita","status":"publish","type":"post","link":"https:\/\/www.panumoilanen.fi\/?p=132","title":{"rendered":"Kriisej\u00e4 tulee &#8211; olemmeko valmiita?"},"content":{"rendered":"\n<figure class=\"wp-block-audio\"><audio controls src=\"https:\/\/www.panumoilanen.fi\/wp-content\/uploads\/2023\/04\/Kriiseja-tulee.mp3\"><\/audio><\/figure>\n\n\n\n<p>Suomalaiset saivat 1990-luvun laman j\u00e4lkeen el\u00e4\u00e4 nelj\u00e4nnesvuosisadan aikaa, jolloin meill\u00e4 meni oikeastaan ihan mukavasti. Taloudessa oli kyll\u00e4 nousu- ja laskukausia, meid\u00e4n kaikkien henkil\u00f6kohtaisissa el\u00e4miss\u00e4 oli huonompia ja parempia aikoja ja monet kohtasivat varmasti suuriakin vastoink\u00e4ymisi\u00e4. Kansakuntana Suomi eli kuitenkin tasaista ja melko ennustettavaa aikaa.<\/p>\n\n\n\n<p>Kaikki muuttui maaliskuussa 2020, kun Suomi suljettiin koronapandemian vuoksi. Pari vuotta my\u00f6hemmin sota tuli l\u00e4helle Suomeakin, kun Ven\u00e4j\u00e4 aloitti laajamittaisen hy\u00f6kk\u00e4yksen Ukrainaan. Sen seurauksena Eurooppa ajautui energiakriisiin, ja monille suomalaisille energian ja ruoan hinnan nousu aiheuttivat henkil\u00f6kohtaisen talouskriisin.<\/p>\n\n\n\n<p>Vaikka tilanne meille melko mukavaan el\u00e4m\u00e4\u00e4n tottuneille onkin yll\u00e4tt\u00e4v\u00e4, ei se historiallisesti tarkasteltuna ole erityisen ep\u00e4tavallinen. Ihmiskunnan historialle on tyypillist\u00e4, ett\u00e4 erilaisia kriisej\u00e4 on ilmaantunut kiusaksemme s\u00e4\u00e4nn\u00f6llisesti \u2013 mutta kuitenkin niin harvoin, ett\u00e4 uuden kriisin iskiess\u00e4 edelliset kriisit ovat jo alkaneet unohtua.<\/p>\n\n\n\n<p>Kriisien unohtumisen my\u00f6t\u00e4 unohtuu yleens\u00e4 my\u00f6s kriiseihin varautuminen, vaikka Suomessa siit\u00e4 onkin muistutettu s\u00e4\u00e4nn\u00f6llisesti my\u00f6s hyvin\u00e4 aikoina. Henkil\u00f6kohtainen varautuminen on osa viime vuosien aikana arkipuheeseenkin noussutta kriisinsietokyky\u00e4 eli resilienssi\u00e4.<\/p>\n\n\n\n<p>Resilienssill\u00e4 tarkoitetaan yksil\u00f6iden ja yhteis\u00f6jen kyky\u00e4 yll\u00e4pit\u00e4\u00e4 toimintakyky\u00e4 muuttuvissa olosuhteissa sek\u00e4 valmiutta kohdata h\u00e4iri\u00f6it\u00e4 ja kriisej\u00e4 ja palautua niist\u00e4. Resilienssi on yhteiskunnan l\u00e4p\u00e4isev\u00e4 ominaisuus: sit\u00e4 tulee olla ja sit\u00e4 tulee rakentaa niin yksil\u00f6iden, yhteis\u00f6jen kuin yhteiskunnankin tasolla.<\/p>\n\n\n\n<p>Suomalainen kokonaisturvallisuusajattelu perustuu yhteistoimintaan, hajautettuun varautumiseen ja resilienssin luomiseen. Koronapandemia osoitti, ettei malli ole viel\u00e4 t\u00e4ydellinen, mutta kokonaisuutena ottaen selvisimme pandemiasta kuitenkin melko hyvin \u2013 t\u00e4ss\u00e4 monien suomalaisten korkea yksil\u00f6resilienssi oli merkitt\u00e4v\u00e4 tekij\u00e4.<\/p>\n\n\n\n<p>Varautumis- ja maanpuolustuskoulutuksen suosion r\u00e4j\u00e4hdysm\u00e4inen kasvu Ven\u00e4j\u00e4n Ukrainaa vastaan k\u00e4ym\u00e4n sodan kiihtymisen j\u00e4lkeen on osoitus siit\u00e4, ett\u00e4 suomalaiset ovat kiinnostuneita oman resilienssins\u00e4 kehitt\u00e4misest\u00e4 \u2013 olkoonkin, ettei moni varmaan tied\u00e4 t\u00e4t\u00e4 liittyess\u00e4\u00e4n jonkin vapaaehtoisen maanpuolustuksen j\u00e4rjest\u00f6n j\u00e4seneksi.<\/p>\n\n\n\n<p>Yksil\u00f6resilienssi\u00e4 voidaan kehitt\u00e4\u00e4 voimaannuttamalla yksil\u00f6it\u00e4 ja ottamalla heid\u00e4t mukaan aktiivisiksi toimijoiksi. Mahdollisuus toimia ja kehitt\u00e4\u00e4 itse\u00e4\u00e4n tuottaa hallinnan tunteita, jotka jo sellaisinaan lis\u00e4\u00e4v\u00e4t resilienssi\u00e4. Resilienssin luominen yksil\u00f6ist\u00e4 l\u00e4htien edellytt\u00e4\u00e4 my\u00f6s sit\u00e4, ett\u00e4 ihminen tuntee olevansa toimintakykyinen ja merkityksellinen yhteis\u00f6n j\u00e4sen.<\/p>\n\n\n\n<p>Reservil\u00e4iskent\u00e4ll\u00e4 ja muilla vapaaehtoisen maanpuolustuksen j\u00e4rjest\u00f6ill\u00e4 onkin suuri vastuu Suomen resilienssin rakentamisessa. Meid\u00e4n tulee tuottaa paitsi osaamista ja suorituskykyj\u00e4, niin my\u00f6s ennen kaikkea osallistumisen ja toiminnan mahdollisuuksia ja yhteis\u00f6llisyyden kokemuksia. Pelkk\u00e4 j\u00e4senm\u00e4\u00e4r\u00e4n enn\u00e4tyskasvu ei riit\u00e4, vaan mahdollisimman moni uusista j\u00e4senist\u00e4 pit\u00e4\u00e4 saada mukaan my\u00f6s aktiiviseen toimintaan.<\/p>\n\n\n\n<p>Suomi on yhdistysten luvattu maa, mutta samalla olemme valitettavasti my\u00f6s yhdistysten sis\u00e4piirien luvattu maa. Olemme nyt tilanteessa, jossa sis\u00e4piiriemme ymp\u00e4rill\u00e4 odottaa enn\u00e4tysm\u00e4\u00e4r\u00e4 uusia j\u00e4seni\u00e4, potentiaalisia aktiivitoimijoita. Heist\u00e4 monet ovat sellaisia, etteiv\u00e4t he aiemmin olisi voineet kuvitellakaan liittyv\u00e4ns\u00e4 reservil\u00e4isj\u00e4rjest\u00f6\u00f6n. Samalla monella heist\u00e4 on sellaista osaamista, joita reservil\u00e4isj\u00e4rjest\u00f6ille ei ole aiemmin ollut tarjolla.<\/p>\n\n\n\n<p>Uusien j\u00e4senten aktivoiminen toimintaan olkoon vuoden 2023 t\u00e4rkein teht\u00e4v\u00e4mme. Normaalin toiminnan lis\u00e4ksi voi olla paikallaan j\u00e4rjest\u00e4\u00e4 toimintaa nimenomaan uusille j\u00e4senille: tutustumis- ja esittelyiltoja, omia ampuma- ja liikuntatapahtumia tai vaikkapa retki\u00e4 kiinnostaviin kohteisiin. Kun ihmiset tutustuvat toisiinsa, he alkavat my\u00f6s toimia yhdess\u00e4. Se on t\u00e4rke\u00e4\u00e4, sill\u00e4 kriisej\u00e4 tulee jatkossakin, ja silloinkin meid\u00e4n tulee olla valmiita. Ja resilienttej\u00e4.<\/p>\n\n\n\n<p><strong><em>Panu Moilanen<\/em><\/strong><\/p>\n\n\n\n<p><em>Kirjoitus on julkaistu Keski-Suomen Maanpuolustaja -lehden numeron 1\/2023 p\u00e4\u00e4kirjoituksena.<\/em><\/p>\n","protected":false},"excerpt":{"rendered":"<p>Suomalaiset saivat 1990-luvun laman j\u00e4lkeen el\u00e4\u00e4 nelj\u00e4nnesvuosisadan aikaa, jolloin meill\u00e4 meni oikeastaan ihan mukavasti. Taloudessa oli kyll\u00e4 nousu- ja laskukausia, meid\u00e4n kaikkien henkil\u00f6kohtaisissa el\u00e4miss\u00e4 oli huonompia ja parempia aikoja ja monet kohtasivat varmasti suuriakin vastoink\u00e4ymisi\u00e4. Kansakuntana Suomi eli kuitenkin tasaista ja melko ennustettavaa aikaa. Kaikki muuttui maaliskuussa 2020, kun Suomi suljettiin koronapandemian vuoksi. Pari vuotta &hellip; <\/p>\n<p class=\"link-more\"><a href=\"https:\/\/www.panumoilanen.fi\/?p=132\" class=\"more-link\">Read more<span class=\"screen-reader-text\"> &#8221;Kriisej\u00e4 tulee &#8211; olemmeko valmiita?&#8221;<\/span><\/a><\/p>\n","protected":false},"author":1,"featured_media":0,"comment_status":"open","ping_status":"open","sticky":false,"template":"","format":"standard","meta":{"footnotes":""},"categories":[4],"tags":[],"class_list":["post-132","post","type-post","status-publish","format-standard","hentry","category-maanpuolustus"],"featured_media_urls":[],"_links":{"self":[{"href":"https:\/\/www.panumoilanen.fi\/index.php?rest_route=\/wp\/v2\/posts\/132","targetHints":{"allow":["GET"]}}],"collection":[{"href":"https:\/\/www.panumoilanen.fi\/index.php?rest_route=\/wp\/v2\/posts"}],"about":[{"href":"https:\/\/www.panumoilanen.fi\/index.php?rest_route=\/wp\/v2\/types\/post"}],"author":[{"embeddable":true,"href":"https:\/\/www.panumoilanen.fi\/index.php?rest_route=\/wp\/v2\/users\/1"}],"replies":[{"embeddable":true,"href":"https:\/\/www.panumoilanen.fi\/index.php?rest_route=%2Fwp%2Fv2%2Fcomments&post=132"}],"version-history":[{"count":3,"href":"https:\/\/www.panumoilanen.fi\/index.php?rest_route=\/wp\/v2\/posts\/132\/revisions"}],"predecessor-version":[{"id":149,"href":"https:\/\/www.panumoilanen.fi\/index.php?rest_route=\/wp\/v2\/posts\/132\/revisions\/149"}],"wp:attachment":[{"href":"https:\/\/www.panumoilanen.fi\/index.php?rest_route=%2Fwp%2Fv2%2Fmedia&parent=132"}],"wp:term":[{"taxonomy":"category","embeddable":true,"href":"https:\/\/www.panumoilanen.fi\/index.php?rest_route=%2Fwp%2Fv2%2Fcategories&post=132"},{"taxonomy":"post_tag","embeddable":true,"href":"https:\/\/www.panumoilanen.fi\/index.php?rest_route=%2Fwp%2Fv2%2Ftags&post=132"}],"curies":[{"name":"wp","href":"https:\/\/api.w.org\/{rel}","templated":true}]}}