{"id":1,"date":"2023-02-12T07:34:23","date_gmt":"2023-02-12T07:34:23","guid":{"rendered":"https:\/\/www.panumoilanen.fi\/?p=1"},"modified":"2023-04-09T21:09:44","modified_gmt":"2023-04-09T18:09:44","slug":"hello-world","status":"publish","type":"post","link":"https:\/\/www.panumoilanen.fi\/?p=1","title":{"rendered":"Digitalisoituva sodank\u00e4ynti ja Maanpuolustus 2.0"},"content":{"rendered":"\n<p><em>Suomessa puhuttiin pitk\u00e4\u00e4n syv\u00e4n rauhan ajasta. T\u00e4ll\u00e4 viitattiin siihen, ett\u00e4 kun sodan p\u00e4\u00e4ttymisest\u00e4 oli jo vuosikymmeni\u00e4, katsottiin Suomen olevan ennen kokemattoman syv\u00e4ss\u00e4 rauhassa. T\u00e4m\u00e4 puhe ei ole kuitenkaan ollut perusteltua en\u00e4\u00e4 2000-luvun alun j\u00e4lkeen. Jo tuolloin oltiin tilanteessa, jossa digitaalisista taisteluista oli tullut todellisuutta my\u00f6s Suomelle ja suomalaisille.<\/em><\/p>\n\n\n\n<figure class=\"wp-block-audio\"><audio controls src=\"https:\/\/www.panumoilanen.fi\/wp-content\/uploads\/2023\/02\/Informaatiosodankaynti-ja-Maanpuolustus-2.0_01.mp3\"><\/audio><\/figure>\n\n\n\n<p>P\u00e4\u00e4osa digitaalisen maailman konflikteista on ollut ja on edelleenkin jotain muuta kuin valtioiden v\u00e4list\u00e4 sapelinkalistelua, mutta my\u00f6s valtiollinen vaikuttaminen digitaalisessa maailmassa on lis\u00e4\u00e4ntynyt huomattavasti. Sodank\u00e4ynti on laajentunut uusiin, digitaalisiin toimintaymp\u00e4rist\u00f6ihin, ja digitalisaation edetess\u00e4 yh\u00e4 pidemm\u00e4lle digitaalisesta sodank\u00e4ynnist\u00e4 tulee yh\u00e4 t\u00e4rke\u00e4mpi osa sodan muuttuvaa kuvaa.<\/p>\n\n\n\n<p>Sota n\u00e4hd\u00e4\u00e4n Suomessa historiaan perustuen yh\u00e4 ennen kaikkea fyysisen tuhovoiman k\u00e4ytt\u00f6\u00f6n perustuvana ns. kineettisen\u00e4 sotana, jota k\u00e4yd\u00e4\u00e4n maalla, merell\u00e4 ja ilmassa. N\u00e4m\u00e4 kolme Puolustusvoimien puolustushaarajaonkin perustana olevaa ymp\u00e4rist\u00f6\u00e4 muodostavat taistelutilan kolme vanhinta ulottuvuutta. Taistelutilaksi kutsutaan k\u00e4sitteellist\u00e4 ymp\u00e4rist\u00f6\u00e4, jossa suoritettavat operaatiot ja muut tapahtumat vaikuttavat taistelun, konfliktin tai sodan etenemiseen.<\/p>\n\n\n\n<h2 class=\"wp-block-heading\">Taistelua k\u00e4yd\u00e4\u00e4n useissa ulottuvuuksissa<\/h2>\n\n\n\n<p>Kolmen vanhimman taistelutilan ulottuvuuden j\u00e4lkeen ulottuvuus t\u00e4ydentyi viel\u00e4 kahdella ulottuvuudella. Ensimm\u00e4isen maailmansodan my\u00f6t\u00e4 taistelua alettiin k\u00e4yd\u00e4 my\u00f6s s\u00e4hk\u00f6magneettisessa spektriss\u00e4 ja avaruudessa, ja toinen maailmansota toi mukaan kyber- ja informaatioulottuvuuden. Kuudentena ulottuvuutena voidaan n\u00e4hd\u00e4 kognition ulottuvuus, joka on ulottuvuutena sin\u00e4ll\u00e4\u00e4n vanha, mutta jonka merkitys on lis\u00e4\u00e4ntynyt huomattavasti teknologian kehityksen, siis esimerkiksi tietoverkkojen ja uudenlaisten medioiden kehittymisen my\u00f6t\u00e4.<\/p>\n\n\n\n<p>Kun p\u00e4\u00e4asiassa uusissa ulottuvuuksissa tapahtuva toiminta ja vanhempien ulottuvuuksien osittainen hy\u00f6dynt\u00e4minen yhdistyv\u00e4t valtiollisiin konflikteihin, ollaan tekemisiss\u00e4 hybridivaikuttamisen kanssa. Siin\u00e4 erityisesti liberaaleihin demokratioihin vaikutetaan vihamielisesti k\u00e4ytt\u00e4en systeemisin\u00e4 heikkouksina hyv\u00e4ksi niiden keskeisimpi\u00e4 hyveit\u00e4, esimerkiksi sananvapautta ja muita perusoikeuksia sek\u00e4 hyvin rajoitettua viranomaiskontrollia.<\/p>\n\n\n\n<h2 class=\"wp-block-heading\">Hybridivaikuttaminen on kiiloja<\/h2>\n\n\n\n<p>Hybridivaikuttaminen voidaan n\u00e4hd\u00e4 kiiloina: vastustaja ik\u00e4\u00e4n kuin ly\u00f6 erilaisia kiiloja yhteiskunnan sis\u00e4lle ja eri ryhmien v\u00e4lille niin, ett\u00e4 riitt\u00e4v\u00e4sti ja riitt\u00e4v\u00e4n monesta kohtaa kiilattu yhteiskunta on tarvittaessa helpompi murtaa pienell\u00e4 lis\u00e4voimank\u00e4yt\u00f6ll\u00e4. Erilaisten kiilausmahdollisuuksien tunnistamiseen voi k\u00e4ytt\u00e4\u00e4 esimerkiksi PMESII-mallia: kiilat voivat olla poliittisia, sotilaallisia, taloudellisia, yhteiskunnallisia, informaatio- tai infrastruktuurikiiloja.<\/p>\n\n\n\n<p>Uusista digitaalisista sodank\u00e4ynnin muodoista Suomessa on t\u00e4h\u00e4n saakka puhuttu eniten kybersodank\u00e4ynnist\u00e4 \u2013 digitaalisen maailman ja sen j\u00e4rjestelmien teknisest\u00e4 h\u00e4irinn\u00e4st\u00e4 ja jopa tuhoamisesta. T\u00e4m\u00e4 onkin perusteltua, sill\u00e4 vaikka puhdasta kybersotaa ei ole olemassa, on kybervaikuttaminen nykyisin osa k\u00e4yt\u00e4nn\u00f6ss\u00e4 kaikkia kriisej\u00e4 \u2013 Ukrainan sota on t\u00e4st\u00e4 hyv\u00e4 esimerkki, sill\u00e4 se alkoi digitaalisessa maailmassa jo vuosia ennen kuin edes It\u00e4-Ukrainassa tapahtui mit\u00e4\u00e4n reaalimaailmassa.<\/p>\n\n\n\n<h2 class=\"wp-block-heading\">Kriittinen infrastruktuuri kohteena<\/h2>\n\n\n\n<p>Vakavan vihamielisen kybervaikuttamisen tai kybersodank\u00e4ynnin todenn\u00e4k\u00f6isin kohde on ns. kriittinen infrastruktuuri. Se tarkoittaa niit\u00e4 j\u00e4rjestelmi\u00e4 ja palveluita, jotka ovat yhteiskunnan toiminnan kannalta v\u00e4ltt\u00e4m\u00e4tt\u00f6mi\u00e4. Esimerkkej\u00e4 kriittisest\u00e4 infrastruktuurista ovat mm. maksuj\u00e4rjestelm\u00e4t, energiahuolto, tietoliikenne, terveydenhuolto ja tiedonv\u00e4litys.<\/p>\n\n\n\n<p>Kriittist\u00e4 infrastruktuuria pidet\u00e4\u00e4n my\u00f6s kaikkein todenn\u00e4k\u00f6isimpin\u00e4 kohteina, jos jokin valtiollinen taho haluaa kohdistaa Suomeen kyberhy\u00f6kk\u00e4yksi\u00e4. Meist\u00e4 jokaisen tulisikin pohtia, kuinka tulemme toimeen, jos n\u00e4iden toiminnassa on h\u00e4iri\u00f6it\u00e4 \u2013 kuinka tulisimme toimeen esimerkiksi ilman s\u00e4hk\u00f6\u00e4?<\/p>\n\n\n\n<h2 class=\"wp-block-heading\">Vaikuttamista tietoon, tunteisiin ja tahtoon<\/h2>\n\n\n\n<p>Viime aikoina on alettu puhua yh\u00e4 enemm\u00e4n my\u00f6s informaatiovaikuttamisesta ja -sodank\u00e4ynnist\u00e4. Kybersodank\u00e4ynnin tapaan informaatiosodank\u00e4ynti on osa eri sodank\u00e4yntitapojen muodostamaa kokonaisuutta. Se voidaan m\u00e4\u00e4ritell\u00e4 erilaisiksi operaatioiksi, joilla on yht\u00e4\u00e4lt\u00e4 tavoitteena vaikuttaa yhteiskunnalliseen ja sotilaalliseen p\u00e4\u00e4t\u00f6ksentekoon, toisaalta taas yksil\u00f6iden tietoon, tunteisiin ja tahtoon.<\/p>\n\n\n\n<p>Sodank\u00e4ynnin katsotaan yleens\u00e4 kohdistuvan nimenomaan viholliseen, ja vihollinen onkin my\u00f6s informaatiosodank\u00e4ynnin keskeinen kohde: vihollisen joukot pyrit\u00e4\u00e4n lannistamaan, ja niille pyrit\u00e4\u00e4n viestim\u00e4\u00e4n, ettei niiden k\u00e4ym\u00e4 sota ole oikeutettua. Toisaalta omat joukot pyrit\u00e4\u00e4n vakuuttamaan niiden k\u00e4ym\u00e4n taistelun oikeutuksesta ja samalla niit\u00e4 pyrit\u00e4\u00e4n motivoimaan taisteluun. Ulkopuoliset \u2013 siis Ukrainan sodassa esimerkiksi me suomalaiset \u2013 taas halutaan saada omalle puolelle osoittamaan my\u00f6t\u00e4tuntoa ja tukea.<\/p>\n\n\n\n<h2 class=\"wp-block-heading\">Kohti Maanpuolustus 2.0:aa<\/h2>\n\n\n\n<p>Digitalisoituva sodank\u00e4ynti haastaa monessa mieless\u00e4 suomalaisen maanpuolustusajattelun. Maanpuolustuksesta huolehtivat jatkossa yh\u00e4 enemm\u00e4n my\u00f6s muut kuin Puolustusvoimat, ja Suomea puolustetaan yh\u00e4 enemm\u00e4n arjessa. My\u00f6s se, ett\u00e4 suurin osa digitaaliseen puolustukseen tarvittavasta osaamisesta sijaitsee muualla kuin Puolustusvoimissa, tuottaa muutostarpeita maanpuolustuksen nykyj\u00e4rjestelyille. Odotettavissa onkin suomalaisen maanpuolustusajattelun p\u00e4ivitys, Maanpuolustus 2.0. Siin\u00e4 maanpuolustus m\u00e4\u00e4ritell\u00e4\u00e4n osittain uudelleen, sen ty\u00f6njako uudistuu ja jokaisen suomalaisen vastuu lis\u00e4\u00e4ntyy.<\/p>\n\n\n\n<p><strong><em>Panu Moilanen <\/em><\/strong><\/p>\n\n\n\n<p><em>Kirjoitus perustuu TIVIA Keski-Suomen tapahtumassa tammikuun 2023 pidettyyn esitykseen.<\/em><\/p>\n","protected":false},"excerpt":{"rendered":"<p>Suomessa puhuttiin pitk\u00e4\u00e4n syv\u00e4n rauhan ajasta. T\u00e4ll\u00e4 viitattiin siihen, ett\u00e4 kun sodan p\u00e4\u00e4ttymisest\u00e4 oli jo vuosikymmeni\u00e4, katsottiin Suomen olevan ennen kokemattoman syv\u00e4ss\u00e4 rauhassa. T\u00e4m\u00e4 puhe ei ole kuitenkaan ollut perusteltua en\u00e4\u00e4 2000-luvun alun j\u00e4lkeen. Jo tuolloin oltiin tilanteessa, jossa digitaalisista taisteluista oli tullut todellisuutta my\u00f6s Suomelle ja suomalaisille. P\u00e4\u00e4osa digitaalisen maailman konflikteista on ollut ja &hellip; <\/p>\n<p class=\"link-more\"><a href=\"https:\/\/www.panumoilanen.fi\/?p=1\" class=\"more-link\">Read more<span class=\"screen-reader-text\"> &#8221;Digitalisoituva sodank\u00e4ynti ja Maanpuolustus 2.0&#8221;<\/span><\/a><\/p>\n","protected":false},"author":1,"featured_media":0,"comment_status":"closed","ping_status":"open","sticky":false,"template":"","format":"standard","meta":{"footnotes":""},"categories":[4],"tags":[],"class_list":["post-1","post","type-post","status-publish","format-standard","hentry","category-maanpuolustus"],"featured_media_urls":[],"_links":{"self":[{"href":"https:\/\/www.panumoilanen.fi\/index.php?rest_route=\/wp\/v2\/posts\/1","targetHints":{"allow":["GET"]}}],"collection":[{"href":"https:\/\/www.panumoilanen.fi\/index.php?rest_route=\/wp\/v2\/posts"}],"about":[{"href":"https:\/\/www.panumoilanen.fi\/index.php?rest_route=\/wp\/v2\/types\/post"}],"author":[{"embeddable":true,"href":"https:\/\/www.panumoilanen.fi\/index.php?rest_route=\/wp\/v2\/users\/1"}],"replies":[{"embeddable":true,"href":"https:\/\/www.panumoilanen.fi\/index.php?rest_route=%2Fwp%2Fv2%2Fcomments&post=1"}],"version-history":[{"count":6,"href":"https:\/\/www.panumoilanen.fi\/index.php?rest_route=\/wp\/v2\/posts\/1\/revisions"}],"predecessor-version":[{"id":148,"href":"https:\/\/www.panumoilanen.fi\/index.php?rest_route=\/wp\/v2\/posts\/1\/revisions\/148"}],"wp:attachment":[{"href":"https:\/\/www.panumoilanen.fi\/index.php?rest_route=%2Fwp%2Fv2%2Fmedia&parent=1"}],"wp:term":[{"taxonomy":"category","embeddable":true,"href":"https:\/\/www.panumoilanen.fi\/index.php?rest_route=%2Fwp%2Fv2%2Fcategories&post=1"},{"taxonomy":"post_tag","embeddable":true,"href":"https:\/\/www.panumoilanen.fi\/index.php?rest_route=%2Fwp%2Fv2%2Ftags&post=1"}],"curies":[{"name":"wp","href":"https:\/\/api.w.org\/{rel}","templated":true}]}}